{"id":3753,"date":"2026-04-14T05:59:31","date_gmt":"2026-04-14T00:59:31","guid":{"rendered":"https:\/\/www.fppe.ca\/sppeca\/?p=3753"},"modified":"2026-04-14T05:59:31","modified_gmt":"2026-04-14T00:59:31","slug":"vlogue-marie-eve-vous-transporte-au-camp-de-la-releve-de-la-csq","status":"publish","type":"post","link":"https:\/\/www.fppe.ca\/sppeca\/2026\/04\/14\/vlogue-marie-eve-vous-transporte-au-camp-de-la-releve-de-la-csq\/","title":{"rendered":"Vlogue : Marie-Eve vous transporte au Camp de la rel\u00e8ve de la CSQ!"},"content":{"rendered":"<p>Plongez\u00a0au\u00a0c\u0153ur\u00a0de\u00a0la\u00a0<strong>Semaine\u00a0de\u00a0la\u00a0rel\u00e8ve\u00a0syndicale<\/strong> avec moi! \ud83c\udfa5 La semaine derni\u00e8re, du 8 au 10 avril 2026, j&rsquo;ai eu la chance de participer \u00e0 l&rsquo;\u00e9dition 2026 organis\u00e9e par la <strong>Centrale\u00a0des\u00a0syndicats\u00a0du\u00a0Qu\u00e9bec\u00a0(CSQ)<\/strong>\u00a0\u00e0\u00a0l&rsquo;H\u00f4tel\u00a0Le\u00a0Germain\u00a0de\u00a0Charlevoix.<\/p>\n<p style=\"text-align: center\">\n<p>Entre\u00a0ateliers\u00a0formateurs,\u00a0paysages\u00a0magnifiques\u00a0(avec\u00a0vue\u00a0sur\u00a0les\u00a0vaches\u00a0!\u00a0\ud83d\udc04)\u00a0et\u00a0rencontres\u00a0inspirantes,\u00a0je\u00a0vous\u00a0partage\u00a0les\u00a0moments\u00a0forts\u00a0de\u00a0ce\u00a0s\u00e9jour\u00a0enrichissant.<\/p>\n<p>&nbsp;<\/p>\n<p>\ud83d\udccd Au programme de ce vlogue :<\/p>\n<ul>\n<li><strong>Jour\u00a01\u00a0:<\/strong>\u00a0Arriv\u00e9e\u00a0au\u00a0camp,\u00a0accueil\u00a0par\u00a0le\u00a0pr\u00e9sident\u00a0de\u00a0la\u00a0CSQ,\u00a0<strong>\u00c9ric\u00a0Gingras<\/strong>,\u00a0et\u00a0panel\u00a0sur\u00a0les\u00a0enjeux\u00a0sociopolitiques.<\/li>\n<li><strong>Jour\u00a02\u00a0:<\/strong>\u00a0Exploration\u00a0des\u00a0valeurs\u00a0de\u00a0la\u00a0CSQ\u00a0(solidarit\u00e9,\u00a0\u00e9galit\u00e9,\u00a0justice\u00a0sociale&#8230;),\u00a0ateliers\u00a0sur\u00a0le\u00a0r\u00f4le\u00a0des\u00a0d\u00e9l\u00e9gu\u00e9s\u00a0et\u00a0l&rsquo;animation\u00a0de\u00a0groupe,\u00a0sans\u00a0oublier\u00a0la\u00a0soir\u00e9e\u00a0spectacle\u00a0de\u00a0Gumboot\u00a0!<\/li>\n<li><strong>Jour\u00a03\u00a0:<\/strong>\u00a0R\u00e9flexions\u00a0sur\u00a0l&rsquo;histoire\u00a0du\u00a0syndicalisme\u00a0au\u00a0Qu\u00e9bec\u00a0et\u00a0retour\u00a0vers\u00a0le\u00a0<strong>SPP\u00c9CA<\/strong>\u00a0avec\u00a0plein\u00a0de\u00a0nouvelles\u00a0id\u00e9es\u00a0en\u00a0t\u00eate.<\/li>\n<\/ul>\n<p>\u2728\u00a0Pourquoi\u00a0s&rsquo;impliquer\u00a0?<\/p>\n<p>Le\u00a0syndicalisme,\u00a0c&rsquo;est\u00a0agir\u00a0ensemble\u00a0pour\u00a0nos\u00a0droits.\u00a0Un\u00a0immense\u00a0merci\u00a0au\u00a0<strong>SPP\u00c9CA<\/strong>\u00a0de\u00a0m&rsquo;avoir\u00a0permis\u00a0de\u00a0vivre\u00a0cette\u00a0exp\u00e9rience\u00a0formatrice.\u00a0\ud83e\udd1d<\/p>\n<p>&nbsp;<\/p>\n<p><strong>\u00ab\u00a0Engagez-vous,\u00a0contactez-nous,\u00a0on\u00a0est\u00a0l\u00e0\u00a0pour\u00a0vous.\u00a0Agissons\u00a0ensemble\u00a0!\u00a0\u00bb<\/strong><\/p>\n<p>&nbsp;<\/p>\n<ul style=\"list-style-type: square\">\n<li>Marie-Eve<\/li>\n<\/ul>\n","protected":false},"excerpt":{"rendered":"<p>Plongez\u00a0au\u00a0c\u0153ur\u00a0de\u00a0la\u00a0Semaine\u00a0de\u00a0la\u00a0rel\u00e8ve\u00a0syndicale avec moi! \ud83c\udfa5 La semaine derni\u00e8re, du 8 au 10 avril 2026, j&rsquo;ai eu la chance de participer \u00e0 l&rsquo;\u00e9dition 2026 organis\u00e9e par la Centrale\u00a0des\u00a0syndicats\u00a0du\u00a0Qu\u00e9bec\u00a0(CSQ)\u00a0\u00e0\u00a0l&rsquo;H\u00f4tel\u00a0Le\u00a0Germain\u00a0de\u00a0Charlevoix. Entre\u00a0ateliers\u00a0formateurs,\u00a0paysages\u00a0magnifiques\u00a0(avec\u00a0vue\u00a0sur\u00a0les\u00a0vaches\u00a0!\u00a0\ud83d\udc04)\u00a0et\u00a0rencontres\u00a0inspirantes,\u00a0je\u00a0vous\u00a0partage\u00a0les\u00a0moments\u00a0forts\u00a0de\u00a0ce\u00a0s\u00e9jour\u00a0enrichissant. &nbsp; \ud83d\udccd Au [&hellip;]<\/p>\n","protected":false},"author":23,"featured_media":3754,"comment_status":"closed","ping_status":"open","sticky":false,"template":"","format":"standard","meta":{"footnotes":""},"categories":[1],"tags":[],"class_list":{"0":"post-3753","1":"post","2":"type-post","3":"status-publish","4":"format-standard","5":"has-post-thumbnail","7":"category-uncategorized","8":"czr-hentry"},"_links":{"self":[{"href":"https:\/\/www.fppe.ca\/sppeca\/wp-json\/wp\/v2\/posts\/3753","targetHints":{"allow":["GET"]}}],"collection":[{"href":"https:\/\/www.fppe.ca\/sppeca\/wp-json\/wp\/v2\/posts"}],"about":[{"href":"https:\/\/www.fppe.ca\/sppeca\/wp-json\/wp\/v2\/types\/post"}],"author":[{"embeddable":true,"href":"https:\/\/www.fppe.ca\/sppeca\/wp-json\/wp\/v2\/users\/23"}],"replies":[{"embeddable":true,"href":"https:\/\/www.fppe.ca\/sppeca\/wp-json\/wp\/v2\/comments?post=3753"}],"version-history":[{"count":1,"href":"https:\/\/www.fppe.ca\/sppeca\/wp-json\/wp\/v2\/posts\/3753\/revisions"}],"predecessor-version":[{"id":3755,"href":"https:\/\/www.fppe.ca\/sppeca\/wp-json\/wp\/v2\/posts\/3753\/revisions\/3755"}],"wp:featuredmedia":[{"embeddable":true,"href":"https:\/\/www.fppe.ca\/sppeca\/wp-json\/wp\/v2\/media\/3754"}],"wp:attachment":[{"href":"https:\/\/www.fppe.ca\/sppeca\/wp-json\/wp\/v2\/media?parent=3753"}],"wp:term":[{"taxonomy":"category","embeddable":true,"href":"https:\/\/www.fppe.ca\/sppeca\/wp-json\/wp\/v2\/categories?post=3753"},{"taxonomy":"post_tag","embeddable":true,"href":"https:\/\/www.fppe.ca\/sppeca\/wp-json\/wp\/v2\/tags?post=3753"}],"curies":[{"name":"wp","href":"https:\/\/api.w.org\/{rel}","templated":true}]}}